{"id":56804,"date":"2024-06-14T08:30:19","date_gmt":"2024-06-14T11:30:19","guid":{"rendered":"https:\/\/fenacce.com.br\/?p=56804"},"modified":"2024-06-14T08:30:21","modified_gmt":"2024-06-14T11:30:21","slug":"descubra-a-fenacce-a-maior-Festival-de-artesanato-do-ceara","status":"publish","type":"post","link":"https:\/\/fenacce.com.br\/en\/2024\/06\/14\/descubra-a-fenacce-a-maior-Festival-de-artesanato-do-ceara\/","title":{"rendered":"Descubra a Fenacce: O Maior Festival de Artesanato do Cear\u00e1"},"content":{"rendered":"\n<p>A Fenacce &#8211; Festival de Artesanato do Cear\u00e1, \u00e9 um evento anual que celebra a rica heran\u00e7a artesanal do nosso estado. Reunindo artes\u00e3os talentosos de diversas regi\u00f5es, o Festival \u00e9 um verdadeiro tesouro para os amantes do artesanato e da cultura local. Vamos explorar o que faz da Fenacce um evento imperd\u00edvel!<\/p>\n\n\n\n<p><strong>A Tradi\u00e7\u00e3o Artesanal do Cear\u00e1<\/strong><\/p>\n\n\n\n<p>O Cear\u00e1 \u00e9 conhecido por sua longa tradi\u00e7\u00e3o em artesanato, desde as rendas de bilro, cer\u00e2micas e pe\u00e7as de couro, at\u00e9 as esculturas de madeira e bijuterias feitas \u00e0 m\u00e3o. Na Fenacce, voc\u00ea ter\u00e1 a oportunidade de ver de perto essas t\u00e9cnicas ancestrais sendo preservadas e inovadas pelos artes\u00e3os locais.<\/p>\n\n\n\n<p><strong>O que Esperar da Fenacce 2024<\/strong><\/p>\n\n\n\n<p>A edi\u00e7\u00e3o deste ano promete ser ainda mais especial, com uma variedade de expositores, oficinas, apresenta\u00e7\u00f5es culturais e gastronomia t\u00edpica. Entre os destaques, teremos:<\/p>\n\n\n\n<ul class=\"wp-block-list\">\n<li><strong>Exposi\u00e7\u00e3o de Produtos Artesanais<\/strong>: Uma vasta sele\u00e7\u00e3o de produtos, desde itens decorativos at\u00e9 utilit\u00e1rios, todos feitos \u00e0 m\u00e3o com materiais locais.<\/li>\n\n\n\n<li><strong>Oficinas e Palestras<\/strong>: Participe de oficinas de t\u00e9cnicas artesanais e palestras sobre a import\u00e2ncia do artesanato para a economia e a cultura cearense.<\/li>\n\n\n\n<li><strong>Apresenta\u00e7\u00f5es Culturais<\/strong>: Grupos folcl\u00f3ricos e artistas locais se apresentar\u00e3o ao longo do evento, trazendo m\u00fasica, dan\u00e7a e teatro.<\/li>\n<\/ul>\n\n\n\n<p><strong>Conclus\u00e3o<\/strong><\/p>\n\n\n\n<p>A Fenacce \u00e9 mais do que um Festival, \u00e9 uma celebra\u00e7\u00e3o da identidade e da criatividade do povo cearense. Venha fazer parte desta festa cultural e apoie nossos talentosos artes\u00e3os. Marque na sua agenda e traga toda a fam\u00edlia para vivenciar a Fenacce!<\/p>\n","protected":false},"excerpt":{"rendered":"<p>A Fenacce &#8211; Festival de Artesanato do Cear\u00e1, \u00e9 um evento anual que celebra a rica heran\u00e7a artesanal do nosso estado. Reunindo artes\u00e3os talentosos de diversas regi\u00f5es, o Festival \u00e9 um verdadeiro tesouro para os amantes do artesanato e da cultura local. Vamos explorar o que faz da Fenacce um evento imperd\u00edvel!<\/p>\n","protected":false},"author":1,"featured_media":0,"comment_status":"closed","ping_status":"open","sticky":false,"template":"","format":"standard","meta":{"footnotes":""},"categories":[1],"tags":[],"class_list":["post-56804","post","type-post","status-publish","format-standard","hentry","category-nao-categorizado"],"_links":{"self":[{"href":"https:\/\/fenacce.com.br\/en\/wp-json\/wp\/v2\/posts\/56804","targetHints":{"allow":["GET"]}}],"collection":[{"href":"https:\/\/fenacce.com.br\/en\/wp-json\/wp\/v2\/posts"}],"about":[{"href":"https:\/\/fenacce.com.br\/en\/wp-json\/wp\/v2\/types\/post"}],"author":[{"embeddable":true,"href":"https:\/\/fenacce.com.br\/en\/wp-json\/wp\/v2\/users\/1"}],"replies":[{"embeddable":true,"href":"https:\/\/fenacce.com.br\/en\/wp-json\/wp\/v2\/comments?post=56804"}],"version-history":[{"count":1,"href":"https:\/\/fenacce.com.br\/en\/wp-json\/wp\/v2\/posts\/56804\/revisions"}],"predecessor-version":[{"id":56805,"href":"https:\/\/fenacce.com.br\/en\/wp-json\/wp\/v2\/posts\/56804\/revisions\/56805"}],"wp:attachment":[{"href":"https:\/\/fenacce.com.br\/en\/wp-json\/wp\/v2\/media?parent=56804"}],"wp:term":[{"taxonomy":"category","embeddable":true,"href":"https:\/\/fenacce.com.br\/en\/wp-json\/wp\/v2\/categories?post=56804"},{"taxonomy":"post_tag","embeddable":true,"href":"https:\/\/fenacce.com.br\/en\/wp-json\/wp\/v2\/tags?post=56804"}],"curies":[{"name":"wp","href":"https:\/\/api.w.org\/{rel}","templated":true}]}}